{"id":360,"date":"2021-07-28T12:05:00","date_gmt":"2021-07-28T12:05:00","guid":{"rendered":"http:\/\/fundecafe.com\/?p=360"},"modified":"2023-01-25T15:45:04","modified_gmt":"2023-01-25T15:45:04","slug":"sello-femenino","status":"publish","type":"post","link":"https:\/\/www.fundecafe.com\/index.php\/2021\/07\/28\/sello-femenino\/","title":{"rendered":"Sello Femenino"},"content":{"rendered":"\n<p>\u00a1Mujeres, queremos otorgarles el Sello Femenino! por tal raz\u00f3n, las invitamos a participar de la \u00faltima capacitaci\u00f3n de la jornada en el municipio de Garz\u00f3n dando oportunidad a todas las personas que no pudieron asistir en los municipios y no est\u00e1n vinculadas en el programa de mujeres cafetera.<\/p>\n\n\n\n<p>Las esperamos y recuerden: \u00a1Ser mujer cafetera, s\u00ed vale la pena!&nbsp;<\/p>\n\n\n\n<figure class=\"wp-block-image size-large\"><img loading=\"lazy\" decoding=\"async\" width=\"1024\" height=\"1024\" src=\"http:\/\/fundecafe.com\/wp-content\/uploads\/2023\/01\/222699866_599766038074387_3880870773561349033_n-1024x1024.png\" alt=\"\" class=\"wp-image-362\" srcset=\"https:\/\/www.fundecafe.com\/wp-content\/uploads\/2023\/01\/222699866_599766038074387_3880870773561349033_n-1024x1024.png 1024w, https:\/\/www.fundecafe.com\/wp-content\/uploads\/2023\/01\/222699866_599766038074387_3880870773561349033_n-300x300.png 300w, https:\/\/www.fundecafe.com\/wp-content\/uploads\/2023\/01\/222699866_599766038074387_3880870773561349033_n-150x150.png 150w, https:\/\/www.fundecafe.com\/wp-content\/uploads\/2023\/01\/222699866_599766038074387_3880870773561349033_n-768x768.png 768w, https:\/\/www.fundecafe.com\/wp-content\/uploads\/2023\/01\/222699866_599766038074387_3880870773561349033_n.png 1081w\" sizes=\"auto, (max-width: 1024px) 100vw, 1024px\" \/><\/figure>\n","protected":false},"excerpt":{"rendered":"<p>\u00a1Mujeres, queremos otorgarles el Sello Femenino! por tal raz\u00f3n, las invitamos a participar de la \u00faltima capacitaci\u00f3n de la jornada en el municipio de Garz\u00f3n dando oportunidad a todas las personas que no pudieron asistir en los municipios y no est\u00e1n vinculadas en el programa de mujeres cafetera. Las esperamos [&hellip;]<\/p>\n","protected":false},"author":1,"featured_media":362,"comment_status":"open","ping_status":"open","sticky":false,"template":"","format":"standard","meta":{"footnotes":""},"categories":[1],"tags":[],"class_list":["post-360","post","type-post","status-publish","format-standard","has-post-thumbnail","hentry","category-noticias"],"_links":{"self":[{"href":"https:\/\/www.fundecafe.com\/index.php\/wp-json\/wp\/v2\/posts\/360","targetHints":{"allow":["GET"]}}],"collection":[{"href":"https:\/\/www.fundecafe.com\/index.php\/wp-json\/wp\/v2\/posts"}],"about":[{"href":"https:\/\/www.fundecafe.com\/index.php\/wp-json\/wp\/v2\/types\/post"}],"author":[{"embeddable":true,"href":"https:\/\/www.fundecafe.com\/index.php\/wp-json\/wp\/v2\/users\/1"}],"replies":[{"embeddable":true,"href":"https:\/\/www.fundecafe.com\/index.php\/wp-json\/wp\/v2\/comments?post=360"}],"version-history":[{"count":2,"href":"https:\/\/www.fundecafe.com\/index.php\/wp-json\/wp\/v2\/posts\/360\/revisions"}],"predecessor-version":[{"id":363,"href":"https:\/\/www.fundecafe.com\/index.php\/wp-json\/wp\/v2\/posts\/360\/revisions\/363"}],"wp:featuredmedia":[{"embeddable":true,"href":"https:\/\/www.fundecafe.com\/index.php\/wp-json\/wp\/v2\/media\/362"}],"wp:attachment":[{"href":"https:\/\/www.fundecafe.com\/index.php\/wp-json\/wp\/v2\/media?parent=360"}],"wp:term":[{"taxonomy":"category","embeddable":true,"href":"https:\/\/www.fundecafe.com\/index.php\/wp-json\/wp\/v2\/categories?post=360"},{"taxonomy":"post_tag","embeddable":true,"href":"https:\/\/www.fundecafe.com\/index.php\/wp-json\/wp\/v2\/tags?post=360"}],"curies":[{"name":"wp","href":"https:\/\/api.w.org\/{rel}","templated":true}]}}